{"id":4611,"date":"2025-11-25T10:45:52","date_gmt":"2025-11-25T09:45:52","guid":{"rendered":"https:\/\/promedics.ch\/wir-sind-teilnehmer-am-82-jahreskongress-sgu\/"},"modified":"2025-11-25T10:59:36","modified_gmt":"2025-11-25T09:59:36","slug":"wir-sind-teilnehmer-am-82-jahreskongress-sgu","status":"publish","type":"post","link":"https:\/\/promedics.ch\/fr\/wir-sind-teilnehmer-am-82-jahreskongress-sgu\/","title":{"rendered":"Nous participons au 82e congr\u00e8s annuel de la SSU"},"content":{"rendered":"<p>02.09. &#8211; 04.09.2026<\/p>\n<p>82e congr\u00e8s annuel de la SSU, Salon Olma Saint-Gall<\/p>\n<p>Nous nous r\u00e9jouissons de votre visite \u00e0 notre stand n\u00b0 46.<\/p>\n","protected":false},"excerpt":{"rendered":"<p>02.09. &#8211; 04.09.2026 82e congr\u00e8s annuel de la SSU, Salon Olma Saint-Gall Nous nous r\u00e9jouissons de votre visite \u00e0 notre stand n\u00b0 46.<\/p>\n","protected":false},"author":12,"featured_media":0,"comment_status":"closed","ping_status":"closed","sticky":false,"template":"","format":"standard","meta":{"_acf_changed":false,"footnotes":""},"categories":[62,131],"tags":[],"darstellungsoptionen":[47],"class_list":["post-4611","post","type-post","status-publish","format-standard","hentry","category-actualites","category-congres","darstellungsoptionen-auf-startseite-anzeigen"],"acf":[],"_links":{"self":[{"href":"https:\/\/promedics.ch\/fr\/wp-json\/wp\/v2\/posts\/4611","targetHints":{"allow":["GET"]}}],"collection":[{"href":"https:\/\/promedics.ch\/fr\/wp-json\/wp\/v2\/posts"}],"about":[{"href":"https:\/\/promedics.ch\/fr\/wp-json\/wp\/v2\/types\/post"}],"author":[{"embeddable":true,"href":"https:\/\/promedics.ch\/fr\/wp-json\/wp\/v2\/users\/12"}],"replies":[{"embeddable":true,"href":"https:\/\/promedics.ch\/fr\/wp-json\/wp\/v2\/comments?post=4611"}],"version-history":[{"count":1,"href":"https:\/\/promedics.ch\/fr\/wp-json\/wp\/v2\/posts\/4611\/revisions"}],"predecessor-version":[{"id":4612,"href":"https:\/\/promedics.ch\/fr\/wp-json\/wp\/v2\/posts\/4611\/revisions\/4612"}],"wp:attachment":[{"href":"https:\/\/promedics.ch\/fr\/wp-json\/wp\/v2\/media?parent=4611"}],"wp:term":[{"taxonomy":"category","embeddable":true,"href":"https:\/\/promedics.ch\/fr\/wp-json\/wp\/v2\/categories?post=4611"},{"taxonomy":"post_tag","embeddable":true,"href":"https:\/\/promedics.ch\/fr\/wp-json\/wp\/v2\/tags?post=4611"},{"taxonomy":"darstellungsoptionen","embeddable":true,"href":"https:\/\/promedics.ch\/fr\/wp-json\/wp\/v2\/darstellungsoptionen?post=4611"}],"curies":[{"name":"wp","href":"https:\/\/api.w.org\/{rel}","templated":true}]}}