{"id":4440,"date":"2025-09-23T09:07:19","date_gmt":"2025-09-23T07:07:19","guid":{"rendered":"https:\/\/promedics.ch\/wir-sind-teilnehmer-an-der-11-dreilaendertagung-der-schweizerischen-deutschen-oesterreichischen-gesellschaften-fuer-gefaesschirurgie\/"},"modified":"2025-11-06T08:49:17","modified_gmt":"2025-11-06T07:49:17","slug":"wir-sind-teilnehmer-an-der-11-dreilaendertagung-der-schweizerischen-deutschen-oesterreichischen-gesellschaften-fuer-gefaesschirurgie","status":"publish","type":"post","link":"https:\/\/promedics.ch\/fr\/wir-sind-teilnehmer-an-der-11-dreilaendertagung-der-schweizerischen-deutschen-oesterreichischen-gesellschaften-fuer-gefaesschirurgie\/","title":{"rendered":"Nous participons \u00e0 la 11e conf\u00e9rence tripartite des soci\u00e9t\u00e9s suisse, allemande et autrichienne de chirurgie vasculaire."},"content":{"rendered":"<p>22. &#8211; 25.10.2025<\/p>\n<p>11e conf\u00e9rence tripartite, KKL Lucerne<\/p>\n<p>Nous nous r\u00e9jouissons de votre visite \u00e0 notre stand n\u00b0 106.<\/p>\n<p><a href=\"https:\/\/www.dreilaendertagung2025.ch\/en-gb\/\" target=\"_blank\" rel=\"noopener\">Plus d\u2019informations<\/a><\/p>\n","protected":false},"excerpt":{"rendered":"<p>22. &#8211; 25.10.2025 11e conf\u00e9rence tripartite, KKL Lucerne Nous nous r\u00e9jouissons de votre visite \u00e0 notre stand n\u00b0 106. Plus d\u2019informations<\/p>\n","protected":false},"author":12,"featured_media":4434,"comment_status":"closed","ping_status":"closed","sticky":false,"template":"","format":"standard","meta":{"_acf_changed":false,"footnotes":""},"categories":[127],"tags":[],"darstellungsoptionen":[],"class_list":["post-4440","post","type-post","status-publish","format-standard","has-post-thumbnail","hentry","category-archives-des-congres"],"acf":[],"_links":{"self":[{"href":"https:\/\/promedics.ch\/fr\/wp-json\/wp\/v2\/posts\/4440","targetHints":{"allow":["GET"]}}],"collection":[{"href":"https:\/\/promedics.ch\/fr\/wp-json\/wp\/v2\/posts"}],"about":[{"href":"https:\/\/promedics.ch\/fr\/wp-json\/wp\/v2\/types\/post"}],"author":[{"embeddable":true,"href":"https:\/\/promedics.ch\/fr\/wp-json\/wp\/v2\/users\/12"}],"replies":[{"embeddable":true,"href":"https:\/\/promedics.ch\/fr\/wp-json\/wp\/v2\/comments?post=4440"}],"version-history":[{"count":1,"href":"https:\/\/promedics.ch\/fr\/wp-json\/wp\/v2\/posts\/4440\/revisions"}],"predecessor-version":[{"id":4441,"href":"https:\/\/promedics.ch\/fr\/wp-json\/wp\/v2\/posts\/4440\/revisions\/4441"}],"wp:featuredmedia":[{"embeddable":true,"href":"https:\/\/promedics.ch\/fr\/wp-json\/wp\/v2\/media\/4434"}],"wp:attachment":[{"href":"https:\/\/promedics.ch\/fr\/wp-json\/wp\/v2\/media?parent=4440"}],"wp:term":[{"taxonomy":"category","embeddable":true,"href":"https:\/\/promedics.ch\/fr\/wp-json\/wp\/v2\/categories?post=4440"},{"taxonomy":"post_tag","embeddable":true,"href":"https:\/\/promedics.ch\/fr\/wp-json\/wp\/v2\/tags?post=4440"},{"taxonomy":"darstellungsoptionen","embeddable":true,"href":"https:\/\/promedics.ch\/fr\/wp-json\/wp\/v2\/darstellungsoptionen?post=4440"}],"curies":[{"name":"wp","href":"https:\/\/api.w.org\/{rel}","templated":true}]}}