{"id":3390,"date":"2022-02-09T09:08:54","date_gmt":"2022-02-09T08:08:54","guid":{"rendered":"https:\/\/promedics.ch\/kongresse-2022\/"},"modified":"2023-12-08T15:38:24","modified_gmt":"2023-12-08T14:38:24","slug":"kongresse-2022","status":"publish","type":"post","link":"https:\/\/promedics.ch\/fr\/kongresse-2022\/","title":{"rendered":"Participants au congr\u00e8s annuel de la SSN"},"content":{"rendered":"<p>23.11.2023 &#8211; 24.11.2023<\/p>\n<p>Congr\u00e8s annuel de la SSN<\/p>\n<p>Soci\u00e9t\u00e9 Suisse de Neurochirurgie (SSN), Congr\u00e8s annuel, Kongresshaus Z\u00fcrich, Claridenstrasse 5, 8002 Z\u00fcrich<\/p>\n<p>Nous nous r\u00e9jouissons de votre visite au stand n\u00b0 6.<\/p>\n<p><a href=\"https:\/\/sng-sgnc2023.congress-imk.ch\/frontend\/index.php\" target=\"_blank\" rel=\"noopener\">Plus d&rsquo;informations<\/a><\/p>\n","protected":false},"excerpt":{"rendered":"<p>23.11.2023 &#8211; 24.11.2023 Congr\u00e8s annuel de la SSN Soci\u00e9t\u00e9 Suisse de Neurochirurgie (SSN), Congr\u00e8s annuel, Kongresshaus Z\u00fcrich, Claridenstrasse 5, 8002 Z\u00fcrich Nous nous r\u00e9jouissons de votre visite au stand n\u00b0 6. Plus d&rsquo;informations<\/p>\n","protected":false},"author":6,"featured_media":0,"comment_status":"closed","ping_status":"closed","sticky":false,"template":"","format":"standard","meta":{"_acf_changed":false,"footnotes":""},"categories":[127],"tags":[],"darstellungsoptionen":[],"class_list":["post-3390","post","type-post","status-publish","format-standard","hentry","category-archives-des-congres"],"acf":[],"_links":{"self":[{"href":"https:\/\/promedics.ch\/fr\/wp-json\/wp\/v2\/posts\/3390","targetHints":{"allow":["GET"]}}],"collection":[{"href":"https:\/\/promedics.ch\/fr\/wp-json\/wp\/v2\/posts"}],"about":[{"href":"https:\/\/promedics.ch\/fr\/wp-json\/wp\/v2\/types\/post"}],"author":[{"embeddable":true,"href":"https:\/\/promedics.ch\/fr\/wp-json\/wp\/v2\/users\/6"}],"replies":[{"embeddable":true,"href":"https:\/\/promedics.ch\/fr\/wp-json\/wp\/v2\/comments?post=3390"}],"version-history":[{"count":1,"href":"https:\/\/promedics.ch\/fr\/wp-json\/wp\/v2\/posts\/3390\/revisions"}],"predecessor-version":[{"id":3435,"href":"https:\/\/promedics.ch\/fr\/wp-json\/wp\/v2\/posts\/3390\/revisions\/3435"}],"wp:attachment":[{"href":"https:\/\/promedics.ch\/fr\/wp-json\/wp\/v2\/media?parent=3390"}],"wp:term":[{"taxonomy":"category","embeddable":true,"href":"https:\/\/promedics.ch\/fr\/wp-json\/wp\/v2\/categories?post=3390"},{"taxonomy":"post_tag","embeddable":true,"href":"https:\/\/promedics.ch\/fr\/wp-json\/wp\/v2\/tags?post=3390"},{"taxonomy":"darstellungsoptionen","embeddable":true,"href":"https:\/\/promedics.ch\/fr\/wp-json\/wp\/v2\/darstellungsoptionen?post=3390"}],"curies":[{"name":"wp","href":"https:\/\/api.w.org\/{rel}","templated":true}]}}